{"id":10617,"date":"2024-06-27T08:51:52","date_gmt":"2024-06-27T06:51:52","guid":{"rendered":"https:\/\/tanafisk.no\/?p=10617"},"modified":"2024-06-27T08:51:52","modified_gmt":"2024-06-27T06:51:52","slug":"informasjonsmote-om-pukkellaksbekjempelse-i-tana-2-juli-kl-1830-pa-miljobygget-tana-bru","status":"publish","type":"post","link":"https:\/\/tanafisk.no\/en\/nyheter\/informasjonsmote-om-pukkellaksbekjempelse-i-tana-2-juli-kl-1830-pa-miljobygget-tana-bru\/","title":{"rendered":"Informasjonsm\u00f8te om pukkellaksbekjempelse i Tana &#8211; 2. juli kl. 18:30 p\u00e5 Milj\u00f8bygget Tana bru"},"content":{"rendered":"<p>&nbsp;<\/p>\n<p class=\"x_paragraph\"><span class=\"x_normaltextrun\">De siste oddetalls\u00e5rene har\u00a0<\/span><span class=\"x_normaltextrun\">den fremmede arten\u00a0<\/span><span class=\"x_normaltextrun\">pukkellaks\u00a0<\/span><span class=\"x_normaltextrun\">i stadig \u00f8kende antall\u00a0<\/span><span class=\"x_normaltextrun\">g\u00e5tt opp\u00a0<\/span><span class=\"x_normaltextrun\">i norske vassdrag. For\u00a0<\/span><span class=\"x_normaltextrun\">Tana<\/span><span class=\"x_normaltextrun\">vassdragets<\/span><span class=\"x_normaltextrun\">\u00a0<\/span><span class=\"x_normaltextrun\">del ble det i 2023 testet ut omfattende tiltak for \u00e5 ta ut pukkellaksen f\u00f8r den n\u00e5dde gyteplassene. Tiltakene som ble gjennomf\u00f8rt i 2023 er n\u00e5 evaluert, og det arbeides med \u00e5 videreutvikle og tilpasse tiltak slik at man er bedre rustet til \u00e5 st\u00e5 imot pukkellaksinvasjonen til neste \u00e5r. Milj\u00f8direktoratet har f\u00e5tt oppfordring fra lokalt hold, blant annet villakssenteret, om \u00e5 avholde et m\u00f8te der det orienteres om tiltak for \u00e5 ta ut pukkellaks.<\/span><\/p>\n<p class=\"x_paragraph\"><span class=\"x_normaltextrun\">I samarbeid med Tana kommune arrangerer Milj\u00f8direktoratet og Veterin\u00e6rinstituttet et informasjonsm\u00f8te i Tana bru 2. juli kl. 18.30. M\u00f8tet foreg\u00e5r i Milj\u00f8bygget, og vil tolkes mellom norsk og finsk med tanke p\u00e5 at ogs\u00e5 finsk lokalbefolkning kan delta. Forel\u00f8pig program for m\u00f8tet:<\/span><\/p>\n<ul type=\"disc\">\n<li class=\"x_MsoListParagraphCxSpFirst\">Milj\u00f8direktoratet &#8211; innledning og status for pukkellaksbekjempelsen nasjonalt og i Tana<\/li>\n<li class=\"x_MsoListParagraphCxSpMiddle\">Veterin\u00e6rinstituttet \u2013 erfaringer fra 2023, testing i 2024<\/li>\n<li class=\"x_MsoListParagraphCxSpMiddle\">Kaffepause<\/li>\n<li class=\"x_MsoListParagraphCxSpLast\">Sp\u00f8rsm\u00e5l og diskusjon<\/li>\n<\/ul>\n<p class=\"x_MsoNormal\">Vel m\u00f8tt!<\/p>\n<p class=\"x_MsoNormal\">\n","protected":false},"excerpt":{"rendered":"<p>&nbsp; De siste oddetalls\u00e5rene har\u00a0den fremmede arten\u00a0pukkellaks\u00a0i stadig \u00f8kende antall\u00a0g\u00e5tt opp\u00a0i norske vassdrag. For\u00a0Tanavassdragets\u00a0del ble det i 2023 testet ut omfattende tiltak for \u00e5 ta ut pukkellaksen f\u00f8r den n\u00e5dde gyteplassene. Tiltakene som ble gjennomf\u00f8rt i 2023 er n\u00e5 evaluert, og det arbeides med \u00e5 videreutvikle og tilpasse tiltak slik at man er bedre rustet [&hellip;]<\/p>\n","protected":false},"author":13,"featured_media":10618,"comment_status":"closed","ping_status":"closed","sticky":false,"template":"","format":"standard","meta":{"_acf_changed":false,"footnotes":""},"categories":[27],"class_list":["post-10617","post","type-post","status-publish","format-standard","has-post-thumbnail","hentry","category-nyheter"],"acf":[],"_links":{"self":[{"href":"https:\/\/tanafisk.no\/en\/wp-json\/wp\/v2\/posts\/10617","targetHints":{"allow":["GET"]}}],"collection":[{"href":"https:\/\/tanafisk.no\/en\/wp-json\/wp\/v2\/posts"}],"about":[{"href":"https:\/\/tanafisk.no\/en\/wp-json\/wp\/v2\/types\/post"}],"author":[{"embeddable":true,"href":"https:\/\/tanafisk.no\/en\/wp-json\/wp\/v2\/users\/13"}],"replies":[{"embeddable":true,"href":"https:\/\/tanafisk.no\/en\/wp-json\/wp\/v2\/comments?post=10617"}],"version-history":[{"count":0,"href":"https:\/\/tanafisk.no\/en\/wp-json\/wp\/v2\/posts\/10617\/revisions"}],"wp:featuredmedia":[{"embeddable":true,"href":"https:\/\/tanafisk.no\/en\/wp-json\/wp\/v2\/media\/10618"}],"wp:attachment":[{"href":"https:\/\/tanafisk.no\/en\/wp-json\/wp\/v2\/media?parent=10617"}],"wp:term":[{"taxonomy":"category","embeddable":true,"href":"https:\/\/tanafisk.no\/en\/wp-json\/wp\/v2\/categories?post=10617"}],"curies":[{"name":"wp","href":"https:\/\/api.w.org\/{rel}","templated":true}]}}