{"id":11057,"date":"2025-07-16T12:25:15","date_gmt":"2025-07-16T10:25:15","guid":{"rendered":"https:\/\/tanafisk.no\/?p=11057"},"modified":"2025-07-17T10:52:25","modified_gmt":"2025-07-17T08:52:25","slug":"innkalling-til-ekstraordinaert-fellesmote-klokken-12-00-lordag-den-30-august-2025-pa-tana-miljobygg","status":"publish","type":"post","link":"https:\/\/tanafisk.no\/en\/nyheter\/innkalling-til-ekstraordinaert-fellesmote-klokken-12-00-lordag-den-30-august-2025-pa-tana-miljobygg\/","title":{"rendered":"Innkalling til ekstraordin\u00e6rt Fellesm\u00f8te klokken 12.00 l\u00f8rdag den 30. August 2025 p\u00e5 Tana Milj\u00f8bygg"},"content":{"rendered":"<p><strong>Innkalling til Ekstraordin\u00e6rt fellesm\u00f8te for laksebreveiere 30.August 2025<\/strong><\/p>\n<p>TF har i styrem\u00f8te den 9.07.2025 under sak 029\/2025 vedtatt \u00e5 kalle inn til ekstraordin\u00e6rt Fellesm\u00f8te<\/p>\n<p><strong>l\u00f8rdag den 30. august 2025 kl. 12.00 p\u00e5 Milj\u00f8bygget i Tana bru<\/strong>.<\/p>\n<p>Innkalling gj\u00f8res med hjemmel i forskrift av 4. februar 2011 nr. 119 om lokal forvaltning av fisk og fisket i Tanavassdraget inviteres det til Ekstraordin\u00e6rt fellesm\u00f8te for fiskeberettigede, jf. \u00a7 8 tredje ledd.<\/p>\n<p><strong>Agenda for m\u00f8tet<\/strong><\/p>\n<p><strong>Behandling av h\u00f8ringsforslag til endring av Tanaforskriften<\/strong><\/p>\n<p>Klima og Milj\u00f8departementet har den 20.06.2025 sendt ut forslag til endring av Tanaforskriften.<\/p>\n<p>Laksebreveierne vil her f\u00e5 informasjon om forslagene, slik at de kan gi tilsvar til KLD.<\/p>\n<p>&nbsp;<\/p>\n<p>Laksebreveierne oppfordres ogs\u00e5 til \u00e5 komme med innspill eller kommentarer i forkant innen mandag 11. August 2025.<\/p>\n<p>Forslagene fra KLD finner dere p\u00e5 <a href=\"http:\/\/www.tanafisk.no\">www.tanafisk.no<\/a> og kommentarer kan sendes p\u00e5 post@tanafisk.no eller pr post til TF, Ringveien 2B, 9845 Tana.<\/p>\n<p>&nbsp;<\/p>\n<p>Rune Aslaksen<\/p>\n<p>Nestleder TF<\/p>\n<p>H\u00f8ringsbrev finnes <a href=\"https:\/\/tanafisk.no\/wp-content\/uploads\/2025\/06\/Horing-av-forslag-til-revidert-Tanaforskrift.pdf\">her<\/a><\/p>\n<p>H\u00f8ringsnotat finnes <a href=\"https:\/\/tanafisk.no\/wp-content\/uploads\/2025\/06\/Horingsnotat-om-forslag-til-endringer-i-Tanaforskriften.pdf\">her<\/a><\/p>\n<p>Forslag til revidert Tanaforskrift finnes <a href=\"https:\/\/tanafisk.no\/wp-content\/uploads\/2025\/06\/Forslag-til-revidert-Tanaforskrift.pdf\">her<\/a><\/p>\n<p>&nbsp;<\/p>\n","protected":false},"excerpt":{"rendered":"<p>Innkalling til Ekstraordin\u00e6rt fellesm\u00f8te for laksebreveiere 30.August 2025 TF har i styrem\u00f8te den 9.07.2025 under sak 029\/2025 vedtatt \u00e5 kalle inn til ekstraordin\u00e6rt Fellesm\u00f8te l\u00f8rdag den 30. august 2025 kl. 12.00 p\u00e5 Milj\u00f8bygget i Tana bru. Innkalling gj\u00f8res med hjemmel i forskrift av 4. februar 2011 nr. 119 om lokal forvaltning av fisk og fisket [&hellip;]<\/p>\n","protected":false},"author":19,"featured_media":0,"comment_status":"closed","ping_status":"closed","sticky":false,"template":"","format":"standard","meta":{"_acf_changed":false,"footnotes":""},"categories":[27],"class_list":["post-11057","post","type-post","status-publish","format-standard","hentry","category-nyheter"],"acf":[],"_links":{"self":[{"href":"https:\/\/tanafisk.no\/en\/wp-json\/wp\/v2\/posts\/11057","targetHints":{"allow":["GET"]}}],"collection":[{"href":"https:\/\/tanafisk.no\/en\/wp-json\/wp\/v2\/posts"}],"about":[{"href":"https:\/\/tanafisk.no\/en\/wp-json\/wp\/v2\/types\/post"}],"author":[{"embeddable":true,"href":"https:\/\/tanafisk.no\/en\/wp-json\/wp\/v2\/users\/19"}],"replies":[{"embeddable":true,"href":"https:\/\/tanafisk.no\/en\/wp-json\/wp\/v2\/comments?post=11057"}],"version-history":[{"count":0,"href":"https:\/\/tanafisk.no\/en\/wp-json\/wp\/v2\/posts\/11057\/revisions"}],"wp:attachment":[{"href":"https:\/\/tanafisk.no\/en\/wp-json\/wp\/v2\/media?parent=11057"}],"wp:term":[{"taxonomy":"category","embeddable":true,"href":"https:\/\/tanafisk.no\/en\/wp-json\/wp\/v2\/categories?post=11057"}],"curies":[{"name":"wp","href":"https:\/\/api.w.org\/{rel}","templated":true}]}}